{"id":3287,"date":"2026-02-04T17:00:29","date_gmt":"2026-02-04T20:00:29","guid":{"rendered":"https:\/\/taglermaq.cl\/hortofruticolamaq\/?p=3287"},"modified":"2026-02-04T17:00:29","modified_gmt":"2026-02-04T20:00:29","slug":"etiquetadora-de-peso-y-precio-automatica-wpl-9000","status":"publish","type":"post","link":"https:\/\/taglermaq.cl\/hortofruticolamaq\/etiquetadora-de-peso-y-precio-automatica-wpl-9000\/","title":{"rendered":"Etiquetadora de peso y precio autom\u00e1tica WPL 9000+"},"content":{"rendered":"<p>La WPL9000+ es una m\u00e1quina de alta velocidad para el etiquetado de peso y precio homologado, que aplica etiquetas impresas y autoadhesivas con informaci\u00f3n sobre el peso de captura o el peso fijo a los productos alimentarios envasados. Esta etiquetadora imprime m\u00faltiples formatos de c\u00f3digos de barras 1D\/2D, datos de pesaje, fechas vinculadas al reloj e informaci\u00f3n relevante del producto, en varios idiomas.<\/p>\n","protected":false},"excerpt":{"rendered":"<p>La WPL9000+ es una m\u00e1quina de alta velocidad para el etiquetado de peso y precio homologado, que aplica etiquetas impresas y autoadhesivas con informaci\u00f3n sobre el peso de captura o el peso fijo a los productos alimentarios envasados. Esta etiquetadora imprime m\u00faltiples formatos de c\u00f3digos de barras 1D\/2D, datos de pesaje, fechas vinculadas al reloj [&hellip;]<\/p>\n","protected":false},"author":1,"featured_media":3288,"comment_status":"open","ping_status":"open","sticky":false,"template":"","format":"standard","meta":{"_acf_changed":false,"inline_featured_image":false,"footnotes":""},"categories":[24,151,4,85],"tags":[],"aplicacion":[],"class_list":["post-3287","post","type-post","status-publish","format-standard","has-post-thumbnail","hentry","category-envasadoras-termoselladoras","category-maquinas-envasadoras","category-marca","category-treif-part-of-marel"],"acf":[],"_links":{"self":[{"href":"https:\/\/taglermaq.cl\/hortofruticolamaq\/wp-json\/wp\/v2\/posts\/3287","targetHints":{"allow":["GET"]}}],"collection":[{"href":"https:\/\/taglermaq.cl\/hortofruticolamaq\/wp-json\/wp\/v2\/posts"}],"about":[{"href":"https:\/\/taglermaq.cl\/hortofruticolamaq\/wp-json\/wp\/v2\/types\/post"}],"author":[{"embeddable":true,"href":"https:\/\/taglermaq.cl\/hortofruticolamaq\/wp-json\/wp\/v2\/users\/1"}],"replies":[{"embeddable":true,"href":"https:\/\/taglermaq.cl\/hortofruticolamaq\/wp-json\/wp\/v2\/comments?post=3287"}],"version-history":[{"count":0,"href":"https:\/\/taglermaq.cl\/hortofruticolamaq\/wp-json\/wp\/v2\/posts\/3287\/revisions"}],"wp:featuredmedia":[{"embeddable":true,"href":"https:\/\/taglermaq.cl\/hortofruticolamaq\/wp-json\/wp\/v2\/media\/3288"}],"wp:attachment":[{"href":"https:\/\/taglermaq.cl\/hortofruticolamaq\/wp-json\/wp\/v2\/media?parent=3287"}],"wp:term":[{"taxonomy":"category","embeddable":true,"href":"https:\/\/taglermaq.cl\/hortofruticolamaq\/wp-json\/wp\/v2\/categories?post=3287"},{"taxonomy":"post_tag","embeddable":true,"href":"https:\/\/taglermaq.cl\/hortofruticolamaq\/wp-json\/wp\/v2\/tags?post=3287"},{"taxonomy":"aplicacion","embeddable":true,"href":"https:\/\/taglermaq.cl\/hortofruticolamaq\/wp-json\/wp\/v2\/aplicacion?post=3287"}],"curies":[{"name":"wp","href":"https:\/\/api.w.org\/{rel}","templated":true}]}}